{"id":33,"date":"2019-07-09T13:08:52","date_gmt":"2019-07-09T10:08:52","guid":{"rendered":"http:\/\/makyajkursu.org\/?p=33"},"modified":"2019-11-26T14:05:57","modified_gmt":"2019-11-26T11:05:57","slug":"makyaj-kursu-dunya-capinda","status":"publish","type":"post","link":"http:\/\/makyajkursu.org\/index.php\/2019\/07\/09\/makyaj-kursu-dunya-capinda\/","title":{"rendered":"Makyaj Kursu D\u00fcnya \u00c7ap\u0131nda"},"content":{"rendered":"\n<h2 class=\"wp-block-heading\">Makyaj Kursu D\u00fcnya \u00c7ap\u0131nda<\/h2>\n\n\n\n<h3 class=\"wp-block-heading\">Makyaj E\u011fitimi Almanya<\/h3>\n\n\n\n<div class=\"wp-block-image\"><figure class=\"alignleft\"><a href=\"https:\/\/web.archive.org\/web\/20180831172951\/http:\/\/makyajkursu.org\/wp-content\/uploads\/2014\/07\/Makyaj-Kurslar\u0131.jpg\"><img decoding=\"async\" src=\"https:\/\/web.archive.org\/web\/20180831172951im_\/http:\/\/makyajkursu.org\/wp-content\/uploads\/2014\/07\/Makyaj-Kurslar\u0131-300x199.jpg\" alt=\"Makyaj Kurslar\u0131\" class=\"wp-image-343\"\/><\/a><\/figure><\/div>\n\n\n\n<p>Almanya dan Makyaj E\u011fitimi i\u00e7in bize gelen Leyla Han\u0131m ve Nurcan Han\u0131mdan bahsedece\u011fiz sizlere.<br>Kendileri Almanya da Kuaf\u00f6r olarak \u00e7al\u0131\u015f\u0131yor ve kuaf\u00f6r salonlar\u0131n\u0131n  i\u00e7erisinde profesyonel makyaj uygulamas\u0131 yapmak istiyorlar. Bundan  dolay\u0131 da hem i\u015f arkada\u015f\u0131 hem de akrabas\u0131 olan Nurcan han\u0131m ile birlikte  makyaj e\u011fitimi almak istemi\u015f ve bize ba\u015f vurdular.<br> Kendileriyle tarihleri kararla\u015ft\u0131rd\u0131k .<\/p>\n\n\n\n<p>E\u011fitim : Bireysel Makyaj E\u011fitimi \/ 2 Ki\u015fi<br>\nS\u00fcre : 7 G\u00fcn Saat 11.00 ile 17.00 aras\u0131<\/p>\n\n\n\n<p>Ders Program\u0131 :<\/p>\n\n\n\n<p>Bireysel H\u0131zland\u0131r\u0131lm\u0131\u015f Makyaj E\u011fitimi<\/p>\n\n\n\n<p>\u2022&nbsp;&nbsp; &nbsp;Profesyonel Makyaj \u00fcr\u00fcnlerinin tan\u0131m\u0131, kullan\u0131m ve temizlik teknikleri<br>\n\u2022&nbsp;&nbsp; &nbsp;Makyaj F\u0131r\u00e7alar\u0131n\u0131 ve Malzemelerini Tek tek tan\u0131ma<br>\n\u2022&nbsp;&nbsp; &nbsp;Makyaj ile y\u00fczdeki kusurlar\u0131 kapatma teknikleri ve do\u011fru uygulamalar\u0131<br>\n\u2022&nbsp;&nbsp; &nbsp;G\u00fcnd\u00fcz ve Gece Makyaj teknikleri ve uygulamalar\u0131<br>\n\u2022&nbsp;&nbsp; &nbsp;Farkl\u0131 y\u00fcz anatomisi ve farkl\u0131 y\u00fcz \u015fekilleri ve morfolojisine g\u00f6re makyaj nas\u0131l yap\u0131l\u0131r<br>\n\u2022&nbsp;&nbsp; &nbsp;Makyajda Renk ve \u0131\u015f\u0131k bilgisi<br>\n\u2022&nbsp;&nbsp; &nbsp;Y\u00fczde G\u00f6lgelendirme ve Ayd\u0131nlatma<br>\n\u2022&nbsp;&nbsp; &nbsp;Foto\u011fraf Makyaj teknikleri ve uygulamalar\u0131<br>\n\u2022&nbsp;&nbsp; &nbsp;Gece Makyajlar\u0131<br>\n\u2022&nbsp;&nbsp; &nbsp;G\u00f6z Makyaj\u0131nda \u00c7e\u015fitli G\u00f6lgelendirmeler<br>\n\u2022&nbsp;&nbsp; &nbsp;Porselen Gelin Makyaj teknikleri ve uygulamalar\u0131<br>\n\u2022&nbsp;&nbsp; &nbsp;Smokey Eyes Makyaj teknikleri ve uygulamalar\u0131<br>\n\u2022&nbsp;&nbsp; &nbsp;High Definition (HD) Make-Up \u2013 Televizyon Makyaj\u0131 teknikleri ve uygulamalar\u0131<br>\n\u015eimdi bu 7 g\u00fcnden baz\u0131 kareleri payla\u015f\u0131yoruz sizlerle.<\/p>\n\n\n\n<div class=\"wp-block-image\"><figure class=\"alignright\"><a href=\"https:\/\/web.archive.org\/web\/20180831172951\/http:\/\/makyajkursu.org\/wp-content\/uploads\/2014\/07\/Makyaj-Kursu.jpg\" rel=\"wp-prettyPhoto[33]\"><img decoding=\"async\" src=\"https:\/\/web.archive.org\/web\/20180831172951im_\/http:\/\/makyajkursu.org\/wp-content\/uploads\/2014\/07\/Makyaj-Kursu-300x200.jpg\" alt=\"Makyaj Kursu\" class=\"wp-image-344\"\/><\/a><\/figure><\/div>\n\n\n\n<p>2014 sezonunda H\u0131zland\u0131r\u0131lm\u0131\u015f Makyaj Kursuna kat\u0131lm\u0131\u015f ki\u015filer ;<\/p>\n\n\n\n<p>Ocak<br>\nBak\u00fc Arzu AGVERD\u0130YAVA<\/p>\n\n\n\n<p>\u015eubat<br>\nAvusturya Tu\u011fba \u00dcST\u00dcN<\/p>\n\n\n\n<p>Mart<br>\n\u0130zmir K\u00fcbra Deniz I\u015eIK , Almanya Nuray KAPLAN<\/p>\n\n\n\n<p>Nisan<br>\n\u0130zmir \u0130LKNUR \u0130MA\u00c7<\/p>\n\n\n\n<div class=\"wp-block-image\"><figure class=\"alignleft\"><a href=\"https:\/\/web.archive.org\/web\/20180831172951\/http:\/\/makyajkursu.org\/wp-content\/uploads\/2014\/07\/profesyonel-makyaj.jpg\" rel=\"wp-prettyPhoto[33]\"><img decoding=\"async\" src=\"https:\/\/web.archive.org\/web\/20180831172951im_\/http:\/\/makyajkursu.org\/wp-content\/uploads\/2014\/07\/profesyonel-makyaj-300x200.jpg\" alt=\"profesyonel makyaj\" class=\"wp-image-345\"\/><\/a><\/figure><\/div>\n\n\n\n<p>May\u0131s<br>\nArnavutluk Sabina DUBOVA<\/p>\n\n\n\n<p>Haziran<br>\nBel\u00e7ika Esra \u00d6NDER ve Nuran \u00d6NDER<\/p>\n\n\n\n<p>Temmuz<br>\nAlmanya Leyla ATE\u015e&nbsp; ve Nurcan ATE\u015e<\/p>\n\n\n\n<p>Kullan\u0131lan Makyaj Malzemeleri :<\/p>\n\n\n\n<ul class=\"wp-block-list\"><li>Kryolan<\/li><li>Mac<\/li><li>Nars<\/li><li>Benefit<\/li><li>The balm<\/li><\/ul>\n\n\n\n<p class=\"has-text-align-right\"><strong>Daha detayl\u0131 bilgi i\u00e7in 0532 3018690&nbsp; \/&nbsp; 0212 542 45 85<\/strong><\/p>\n","protected":false},"excerpt":{"rendered":"<p>Makyaj Kursu D\u00fcnya \u00c7ap\u0131nda Makyaj E\u011fitimi Almanya Almanya dan Makyaj E\u011fitimi i\u00e7in bize gelen Leyla Han\u0131m ve Nurcan Han\u0131mdan bahsedece\u011fiz sizlere.Kendileri Almanya da Kuaf\u00f6r olarak \u00e7al\u0131\u015f\u0131yor ve kuaf\u00f6r salonlar\u0131n\u0131n i\u00e7erisinde profesyonel makyaj uygulamas\u0131 yapmak istiyorlar. Bundan dolay\u0131 da hem i\u015f arkada\u015f\u0131 hem de akrabas\u0131 olan Nurcan han\u0131m<\/p>\n","protected":false},"author":1,"featured_media":52,"comment_status":"open","ping_status":"open","sticky":false,"template":"","format":"standard","meta":{"footnotes":""},"categories":[1],"tags":[24,23,5,6,9,4,3,8,10,22,13],"class_list":["post-33","post","type-post","status-publish","format-standard","has-post-thumbnail","hentry","category-genel","tag-bireysel-hizlandirilmis-makyaj-egitimi","tag-bireysel-makyaj-egitimi","tag-hizlandirilmis-makyaj-egitimi","tag-hizlandirilmis-makyaj-kursu","tag-make-up-pro-academy","tag-makyaj-egitimi","tag-makyaj-kursu","tag-nurgul-kolukirik-makyaj-egitimi","tag-nurgul-kolukirik-makyaj-kursu","tag-profesyonel-makyaj-egitimi","tag-profesyonel-makyaj-kurslari"],"aioseo_notices":[],"_links":{"self":[{"href":"http:\/\/makyajkursu.org\/index.php\/wp-json\/wp\/v2\/posts\/33","targetHints":{"allow":["GET"]}}],"collection":[{"href":"http:\/\/makyajkursu.org\/index.php\/wp-json\/wp\/v2\/posts"}],"about":[{"href":"http:\/\/makyajkursu.org\/index.php\/wp-json\/wp\/v2\/types\/post"}],"author":[{"embeddable":true,"href":"http:\/\/makyajkursu.org\/index.php\/wp-json\/wp\/v2\/users\/1"}],"replies":[{"embeddable":true,"href":"http:\/\/makyajkursu.org\/index.php\/wp-json\/wp\/v2\/comments?post=33"}],"version-history":[{"count":2,"href":"http:\/\/makyajkursu.org\/index.php\/wp-json\/wp\/v2\/posts\/33\/revisions"}],"predecessor-version":[{"id":100,"href":"http:\/\/makyajkursu.org\/index.php\/wp-json\/wp\/v2\/posts\/33\/revisions\/100"}],"wp:featuredmedia":[{"embeddable":true,"href":"http:\/\/makyajkursu.org\/index.php\/wp-json\/wp\/v2\/media\/52"}],"wp:attachment":[{"href":"http:\/\/makyajkursu.org\/index.php\/wp-json\/wp\/v2\/media?parent=33"}],"wp:term":[{"taxonomy":"category","embeddable":true,"href":"http:\/\/makyajkursu.org\/index.php\/wp-json\/wp\/v2\/categories?post=33"},{"taxonomy":"post_tag","embeddable":true,"href":"http:\/\/makyajkursu.org\/index.php\/wp-json\/wp\/v2\/tags?post=33"}],"curies":[{"name":"wp","href":"https:\/\/api.w.org\/{rel}","templated":true}]}}