{"id":35,"date":"2019-07-09T16:51:35","date_gmt":"2019-07-09T13:51:35","guid":{"rendered":"http:\/\/makyajkursu.org\/?p=35"},"modified":"2019-11-26T14:00:32","modified_gmt":"2019-11-26T11:00:32","slug":"porselen-makyaj-kurslari","status":"publish","type":"post","link":"http:\/\/makyajkursu.org\/index.php\/2019\/07\/09\/porselen-makyaj-kurslari\/","title":{"rendered":"Porselen Makyaj Kurslar\u0131"},"content":{"rendered":"\n<h2 class=\"wp-block-heading\">Porselen Makyaj Kurslar\u0131<\/h2>\n\n\n\n<div class=\"wp-block-image\"><figure class=\"alignleft\"><a href=\"https:\/\/web.archive.org\/web\/20180831172642\/http:\/\/makyajkursu.org\/wp-content\/uploads\/2014\/06\/Porselen-Makyaj-Kurslar\u0131.jpg\"><img decoding=\"async\" src=\"https:\/\/web.archive.org\/web\/20180831172642im_\/http:\/\/makyajkursu.org\/wp-content\/uploads\/2014\/06\/Porselen-Makyaj-Kurslar\u0131-300x199.jpg\" alt=\"Porselen Makyaj Kurslar\u0131\" class=\"wp-image-337\"\/><\/a><\/figure><\/div>\n\n\n\n<p>Porselen makyaj e\u011fitimi i\u00e7in Bel\u00e7ika dan T\u00fcrkiye ye Gelen Esra&#8217;n\u0131n makyaj e\u011fitimi hikayesi<br>Kendisi orada Cilt bak\u0131m\u0131 ve protez t\u0131rnak uzman\u0131. Kendisine ait g\u00fczel ve l\u00fcks bir salonu da var.<br>Makyaj konusunda da art\u0131k kendini profesyonel bir \u015fekilde yeti\u015ftirmek  istedi\u011fini ve \u00f6zellik Porselen Makyaj konusunda eksik oldu\u011funu belirledi  ve biz de kendisine \u00f6zel bir program haz\u0131rlad\u0131k.<\/p>\n\n\n\n<p><\/p>\n\n\n\n<p><\/p>\n\n\n\n<p><strong>Kullan\u0131lan Makyaj Malzemeleri : &nbsp;<\/strong><\/p>\n\n\n\n<ul class=\"wp-block-list\"><li>Kryolan<\/li><li> Mac<\/li><li> Nars<\/li><li> Benefit<\/li><li> The balm<\/li><\/ul>\n\n\n\n<p>Ekstradan malzeme alman\u0131za gerek kalm\u0131yor , buradaki malzemelerden kullan\u0131yorsunuz.<\/p>\n\n\n\n<p>Porselen Makyaj &amp; Gece Makyaj\u0131 E\u011fitimi<br>\nMakyaj Malzemelerini tan\u0131ma , makyaj f\u0131r\u00e7alar\u0131 hakk\u0131nda detayl\u0131 bilgi ve al\u0131\u015ft\u0131rmalar<br>\nG\u00f6z makyaj\u0131na Giri\u015f , g\u00f6z yap\u0131lar\u0131 , g\u00f6z yap\u0131s\u0131na g\u00f6re g\u00f6z makyaj\u0131 \u00e7al\u0131\u015fmalar\u0131<br>\nG\u00f6z makyaj\u0131ndan sonra y\u00fcz makyaj\u0131na ge\u00e7i\u015f. Do\u011fru fond\u00f6ten se\u00e7imi , do\u011fru pudra se\u00e7imi , All\u0131k nas\u0131l S\u00fcr\u00fcl\u00fcr, Y\u00fcz Yap\u0131lar\u0131<br>\nY\u00fcz makyaj\u0131nda G\u00f6lgelendirme , Burun K\u00fc\u00e7\u00fcltme , Al\u0131n Daraltma \/ Geni\u015fletme , \u0130deal olan Oval Y\u00fcz bi\u00e7imi uydurma \u00e7al\u0131\u015fmalar\u0131<br>\nT\u00fcm hatlar\u0131yla uygulamal\u0131 olarak Gece Makyaj\u0131 ve Porselen Makyaj Uygulamalar\u0131<\/p>\n\n\n\n<p>\u0130\u015fte ilk g\u00fcn dersinden G\u00f6r\u00fcnt\u00fcler ve bir de \u00e7al\u0131\u015fma videomuz altta var.<\/p>\n\n\n\n<p>Esra han\u0131ma Bel\u00e7ika da ba\u015far\u0131lar diliyoruz.<\/p>\n\n\n\n<p class=\"has-text-align-right\">Daha detayl\u0131 bilgi i\u00e7in bizi arayabilirsiniz ;<br>\n0212 571 36 73<\/p>\n","protected":false},"excerpt":{"rendered":"<p>Porselen Makyaj Kurslar\u0131 Porselen makyaj e\u011fitimi i\u00e7in Bel\u00e7ika dan T\u00fcrkiye ye Gelen Esra&#8217;n\u0131n makyaj e\u011fitimi hikayesiKendisi orada Cilt bak\u0131m\u0131 ve protez t\u0131rnak uzman\u0131. Kendisine ait g\u00fczel ve l\u00fcks bir salonu da var.Makyaj konusunda da art\u0131k kendini profesyonel bir \u015fekilde yeti\u015ftirmek istedi\u011fini ve \u00f6zellik Porselen Makyaj konusunda eksik<\/p>\n","protected":false},"author":1,"featured_media":49,"comment_status":"open","ping_status":"open","sticky":false,"template":"","format":"standard","meta":{"footnotes":""},"categories":[1],"tags":[20,19,21,18,17,15,16],"class_list":["post-35","post","type-post","status-publish","format-standard","has-post-thumbnail","hentry","category-genel","tag-gece-makyaji","tag-gece-makyaji-egitimi","tag-goz-makyaji","tag-porselen-makyaj","tag-porselen-makyaj-egitimi","tag-porselen-makyaj-kurslari","tag-porselen-makyaj-kursu"],"aioseo_notices":[],"_links":{"self":[{"href":"http:\/\/makyajkursu.org\/index.php\/wp-json\/wp\/v2\/posts\/35","targetHints":{"allow":["GET"]}}],"collection":[{"href":"http:\/\/makyajkursu.org\/index.php\/wp-json\/wp\/v2\/posts"}],"about":[{"href":"http:\/\/makyajkursu.org\/index.php\/wp-json\/wp\/v2\/types\/post"}],"author":[{"embeddable":true,"href":"http:\/\/makyajkursu.org\/index.php\/wp-json\/wp\/v2\/users\/1"}],"replies":[{"embeddable":true,"href":"http:\/\/makyajkursu.org\/index.php\/wp-json\/wp\/v2\/comments?post=35"}],"version-history":[{"count":3,"href":"http:\/\/makyajkursu.org\/index.php\/wp-json\/wp\/v2\/posts\/35\/revisions"}],"predecessor-version":[{"id":98,"href":"http:\/\/makyajkursu.org\/index.php\/wp-json\/wp\/v2\/posts\/35\/revisions\/98"}],"wp:featuredmedia":[{"embeddable":true,"href":"http:\/\/makyajkursu.org\/index.php\/wp-json\/wp\/v2\/media\/49"}],"wp:attachment":[{"href":"http:\/\/makyajkursu.org\/index.php\/wp-json\/wp\/v2\/media?parent=35"}],"wp:term":[{"taxonomy":"category","embeddable":true,"href":"http:\/\/makyajkursu.org\/index.php\/wp-json\/wp\/v2\/categories?post=35"},{"taxonomy":"post_tag","embeddable":true,"href":"http:\/\/makyajkursu.org\/index.php\/wp-json\/wp\/v2\/tags?post=35"}],"curies":[{"name":"wp","href":"https:\/\/api.w.org\/{rel}","templated":true}]}}