{"id":37,"date":"2019-07-09T16:52:20","date_gmt":"2019-07-09T13:52:20","guid":{"rendered":"http:\/\/makyajkursu.org\/?p=37"},"modified":"2019-11-26T13:56:19","modified_gmt":"2019-11-26T10:56:19","slug":"profesyonel-makyaj-kurslari","status":"publish","type":"post","link":"http:\/\/makyajkursu.org\/index.php\/2019\/07\/09\/profesyonel-makyaj-kurslari\/","title":{"rendered":"Profesyonel Makyaj Kurslar\u0131"},"content":{"rendered":"\n<h2 class=\"wp-block-heading\">Profesyonel Makyaj Kurslar\u0131<\/h2>\n\n\n\n<div class=\"wp-block-image\"><figure class=\"alignleft\"><a href=\"https:\/\/web.archive.org\/web\/20180831172903\/http:\/\/makyajkursu.org\/wp-content\/uploads\/2014\/05\/makyaj-kursu.jpg\" rel=\"wp-prettyPhoto[37]\"><img decoding=\"async\" src=\"https:\/\/web.archive.org\/web\/20180831172903im_\/http:\/\/makyajkursu.org\/wp-content\/uploads\/2014\/05\/makyaj-kursu-300x199.jpg\" alt=\"makyaj kursu\" class=\"wp-image-293\"\/><\/a><\/figure><\/div>\n\n\n\n<p>E\u011fitim\n s\u00fcresi : Haftada 1 g\u00fcn , Toplamda 8 Hafta yani 8 ayr\u0131 ders veya \nH\u0131zland\u0131r\u0131lm\u0131\u015f Makyaj Kurslar\u0131 7 G\u00fcn olarak 2 farkl\u0131 \u015fekilde<br>\nE\u011fitim saatleri : Saat 11.00 \u2013 17.00 aras\u0131<br>\nE\u011fitim \u00dccreti : aray\u0131n\u0131z.<\/p>\n\n\n\n<p><\/p>\n\n\n\n<p><\/p>\n\n\n\n<p>Kullan\u0131lan Makyaj Malzemeleri :<\/p>\n\n\n\n<ul class=\"wp-block-list\"><li>Kryolan<\/li><li>Mac<\/li><li>Nars<\/li><li>Benefit<\/li><li>The balm<\/li><li>Too Faced<\/li><li>Chanel<\/li><\/ul>\n\n\n\n<p><strong>Dip Not<\/strong> : Ekstradan malzeme alman\u0131za gerek kalm\u0131yor , buradaki malzemelerden kullan\u0131yorsunuz.<\/p>\n\n\n\n<p><strong>Makyaj Kursu Ders Program\u0131<\/strong><\/p>\n\n\n\n<p>1. Ders Yaz\u0131l\u0131 ve Anlat\u0131ml\u0131 Ders Notlar\u0131<\/p>\n\n\n\n<ul class=\"wp-block-list\"><li>Profesyonel Makyaj Malzemelerini tan\u0131ma , \u00fcr\u00fcnleri tek tek inceleme<\/li><li>Profesyonel makyaj f\u0131r\u00e7alar\u0131 hakk\u0131nda detayl\u0131 bilgi ve al\u0131\u015ft\u0131rmalar<\/li><li>Cilt tipleri<\/li><li>Y\u00fcz yap\u0131lar\u0131<\/li><li>Fond\u00f6ten \u00c7e\u015fitleri ve \u00d6zellikleri<\/li><li>Pudralar ve \u00e7e\u015fitleri<\/li><li>G\u00f6z bazlar\u0131<\/li><li>G\u00f6z farlar\u0131 ve G\u00f6z makyaj\u0131nda Renklendirme<\/li><li>Eyeliner \u00e7e\u015fitleri ve Do\u011fru kullan\u0131m y\u00f6ntemleri<\/li><li>Mascara , Rimeller Ve Takma Kirpik<\/li><li>G\u00f6z alt\u0131 ayd\u0131nlatma ve kapatma Y\u00f6ntemleri<\/li><li>Y\u00fcz makyaj\u0131nda G\u00f6lgelendirme Malzemeleri<\/li><li>Y\u00fcz makyaj\u0131<\/li><\/ul>\n\n\n\n<p>2.&nbsp;&nbsp;&nbsp;&nbsp; Ders : G\u00f6z makyaj\u0131na Giri\u015f , g\u00f6z yap\u0131lar\u0131 , g\u00f6z yap\u0131s\u0131na g\u00f6re g\u00f6z makyaj\u0131 \u00e7al\u0131\u015fmalar\u0131<br>\n3.&nbsp;&nbsp;&nbsp;&nbsp; Ders : G\u00f6z makyaj\u0131ndan sonra y\u00fcz makyaj\u0131na ge\u00e7i\u015f. Do\u011fru fond\u00f6ten \nse\u00e7imi , do\u011fru pudra se\u00e7imi , All\u0131k nas\u0131l S\u00fcr\u00fcl\u00fcr, Y\u00fcz Yap\u0131lar\u0131<br>\n4.&nbsp;&nbsp;&nbsp; Y\u00fcz makyaj\u0131nda G\u00f6lgelendirme , Burun K\u00fc\u00e7\u00fcltme , Al\u0131n Daraltma \/ \nGeni\u015fletme , \u0130deal olan Oval Y\u00fcz bi\u00e7imi uydurma \u00e7al\u0131\u015fmalar\u0131<br>\n5.&nbsp;&nbsp;&nbsp;&nbsp; T\u00fcm hatlar\u0131yla uygulamal\u0131 olarak ; Gece Makyaj\u0131&nbsp; , Gelin Makyaj\u0131 , Porselen Makyaj<br>\n6.&nbsp;&nbsp;&nbsp; Ders : Show makyaj\u0131 . Gey\u015fa makyaj\u0131 , Renkli Show makyajlar\u0131 , fantastik makyajlar<br>\n7.&nbsp;&nbsp;&nbsp; Ders : Katalog \u00e7ekim makyajlar\u0131<br>\n8.&nbsp;&nbsp;&nbsp; Efekt makyaj ; Ya\u015fland\u0131rma makyaj\u0131 \u2013 Yara makyajlar\u0131<\/p>\n\n\n\n<p class=\"has-text-align-right\"><em>Daha detayl\u0131 bilgi i\u00e7in arayabilirsiniz.<\/em><\/p>\n\n\n\n<p class=\"has-text-align-right\"><strong><em>0212 571 36 73<\/em> <\/strong><\/p>\n","protected":false},"excerpt":{"rendered":"<p>Profesyonel Makyaj Kurslar\u0131 E\u011fitim s\u00fcresi : Haftada 1 g\u00fcn , Toplamda 8 Hafta yani 8 ayr\u0131 ders veya H\u0131zland\u0131r\u0131lm\u0131\u015f Makyaj Kurslar\u0131 7 G\u00fcn olarak 2 farkl\u0131 \u015fekilde E\u011fitim saatleri : Saat 11.00 \u2013 17.00 aras\u0131 E\u011fitim \u00dccreti : aray\u0131n\u0131z. Kullan\u0131lan Makyaj Malzemeleri : Kryolan Mac Nars Benefit<\/p>\n","protected":false},"author":1,"featured_media":51,"comment_status":"open","ping_status":"open","sticky":false,"template":"","format":"standard","meta":{"footnotes":""},"categories":[1],"tags":[5,6,13],"class_list":["post-37","post","type-post","status-publish","format-standard","has-post-thumbnail","hentry","category-genel","tag-hizlandirilmis-makyaj-egitimi","tag-hizlandirilmis-makyaj-kursu","tag-profesyonel-makyaj-kurslari"],"aioseo_notices":[],"_links":{"self":[{"href":"http:\/\/makyajkursu.org\/index.php\/wp-json\/wp\/v2\/posts\/37","targetHints":{"allow":["GET"]}}],"collection":[{"href":"http:\/\/makyajkursu.org\/index.php\/wp-json\/wp\/v2\/posts"}],"about":[{"href":"http:\/\/makyajkursu.org\/index.php\/wp-json\/wp\/v2\/types\/post"}],"author":[{"embeddable":true,"href":"http:\/\/makyajkursu.org\/index.php\/wp-json\/wp\/v2\/users\/1"}],"replies":[{"embeddable":true,"href":"http:\/\/makyajkursu.org\/index.php\/wp-json\/wp\/v2\/comments?post=37"}],"version-history":[{"count":2,"href":"http:\/\/makyajkursu.org\/index.php\/wp-json\/wp\/v2\/posts\/37\/revisions"}],"predecessor-version":[{"id":96,"href":"http:\/\/makyajkursu.org\/index.php\/wp-json\/wp\/v2\/posts\/37\/revisions\/96"}],"wp:featuredmedia":[{"embeddable":true,"href":"http:\/\/makyajkursu.org\/index.php\/wp-json\/wp\/v2\/media\/51"}],"wp:attachment":[{"href":"http:\/\/makyajkursu.org\/index.php\/wp-json\/wp\/v2\/media?parent=37"}],"wp:term":[{"taxonomy":"category","embeddable":true,"href":"http:\/\/makyajkursu.org\/index.php\/wp-json\/wp\/v2\/categories?post=37"},{"taxonomy":"post_tag","embeddable":true,"href":"http:\/\/makyajkursu.org\/index.php\/wp-json\/wp\/v2\/tags?post=37"}],"curies":[{"name":"wp","href":"https:\/\/api.w.org\/{rel}","templated":true}]}}